{"id":1704,"date":"2025-04-18T06:07:34","date_gmt":"2025-04-18T06:07:34","guid":{"rendered":"https:\/\/president.govmu.org\/president\/?p=1704"},"modified":"2025-04-21T06:12:26","modified_gmt":"2025-04-21T06:12:26","slug":"rencontre-avec-lambassadeur-de-france","status":"publish","type":"post","link":"https:\/\/president.govmu.org\/president\/rencontre-avec-lambassadeur-de-france\/","title":{"rendered":"Rencontre avec l&#8217;ambassadeur de France"},"content":{"rendered":"\t\t<div data-elementor-type=\"wp-post\" data-elementor-id=\"1704\" class=\"elementor elementor-1704\" data-elementor-post-type=\"post\">\n\t\t\t\t<div class=\"elementor-element elementor-element-0566a72 e-flex e-con-boxed e-con e-parent\" data-id=\"0566a72\" data-element_type=\"container\" data-e-type=\"container\">\n\t\t\t\t\t<div class=\"e-con-inner\">\n\t\t<div class=\"elementor-element elementor-element-cd0b23a e-con-full e-flex e-con e-child\" data-id=\"cd0b23a\" data-element_type=\"container\" data-e-type=\"container\">\n\t\t\t\t<div class=\"elementor-element elementor-element-da7abc0 elementor-arrows-position-inside elementor-pagination-position-outside elementor-widget elementor-widget-image-carousel\" data-id=\"da7abc0\" data-element_type=\"widget\" data-e-type=\"widget\" data-settings=\"{&quot;slides_to_show&quot;:&quot;2&quot;,&quot;slides_to_scroll&quot;:&quot;2&quot;,&quot;navigation&quot;:&quot;both&quot;,&quot;autoplay&quot;:&quot;yes&quot;,&quot;pause_on_hover&quot;:&quot;yes&quot;,&quot;pause_on_interaction&quot;:&quot;yes&quot;,&quot;autoplay_speed&quot;:5000,&quot;infinite&quot;:&quot;yes&quot;,&quot;speed&quot;:500}\" data-widget_type=\"image-carousel.default\">\n\t\t\t\t\t\t\t<div class=\"elementor-image-carousel-wrapper swiper\" role=\"region\" aria-roledescription=\"carousel\" aria-label=\"Image Carousel\" dir=\"ltr\">\n\t\t\t<div class=\"elementor-image-carousel swiper-wrapper\" aria-live=\"off\">\n\t\t\t\t\t\t\t\t<div class=\"swiper-slide\" role=\"group\" aria-roledescription=\"slide\" aria-label=\"1 of 2\"><figure class=\"swiper-slide-inner\"><img decoding=\"async\" class=\"swiper-slide-image\" src=\"https:\/\/president.govmu.org\/president\/wp-content\/uploads\/2025\/04\/2-2.jpg\" alt=\"2\" \/><\/figure><\/div><div class=\"swiper-slide\" role=\"group\" aria-roledescription=\"slide\" aria-label=\"2 of 2\"><figure class=\"swiper-slide-inner\"><img decoding=\"async\" class=\"swiper-slide-image\" src=\"https:\/\/president.govmu.org\/president\/wp-content\/uploads\/2025\/04\/1-2.jpg\" alt=\"1\" \/><\/figure><\/div>\t\t\t<\/div>\n\t\t\t\t\t\t\t\t\t\t\t\t<div class=\"elementor-swiper-button elementor-swiper-button-prev\" role=\"button\" tabindex=\"0\">\n\t\t\t\t\t\t<i aria-hidden=\"true\" class=\"eicon-chevron-left\"><\/i>\t\t\t\t\t<\/div>\n\t\t\t\t\t<div class=\"elementor-swiper-button elementor-swiper-button-next\" role=\"button\" tabindex=\"0\">\n\t\t\t\t\t\t<i aria-hidden=\"true\" class=\"eicon-chevron-right\"><\/i>\t\t\t\t\t<\/div>\n\t\t\t\t\n\t\t\t\t\t\t\t\t\t<div class=\"swiper-pagination\"><\/div>\n\t\t\t\t\t\t\t\t\t<\/div>\n\t\t\t\t\t\t<\/div>\n\t\t\t\t<\/div>\n\t\t\t\t\t<\/div>\n\t\t\t\t<\/div>\n\t\t<div class=\"elementor-element elementor-element-ac4e757 e-flex e-con-boxed e-con e-parent\" data-id=\"ac4e757\" data-element_type=\"container\" data-e-type=\"container\">\n\t\t\t\t\t<div class=\"e-con-inner\">\n\t\t\t\t<div class=\"elementor-element elementor-element-b87cdc1 elementor-widget elementor-widget-text-editor\" data-id=\"b87cdc1\" data-element_type=\"widget\" data-e-type=\"widget\" data-widget_type=\"text-editor.default\">\n\t\t\t\t\t\t\t\t\t<div class=\"x11i5rnm xat24cr x1mh8g0r x1vvkbs xtlvy1s x126k92a\"><div dir=\"auto\">Le Pr\u00e9sident de la R\u00e9publique, Son Excellence Monsieur Dharambeer Gokhool G.C.S.K., a rencontr\u00e9 Son Excellence Monsieur Fr\u00e9d\u00e9ric Bontems, l&#8217;ambassadeur de France \u00e0 Maurice, \u00e0 la State House ce matin en vue de la visite du Pr\u00e9sident de la R\u00e9publique fran\u00e7aise, Emmanuel Macron.<\/div><\/div><div class=\"x11i5rnm xat24cr x1mh8g0r x1vvkbs xtlvy1s x126k92a\"><div dir=\"auto\">Les diff\u00e9rents projets de coop\u00e9ration qui sont en cours entre Maurice et la France ont \u00e9t\u00e9 pass\u00e9s en revue. De nouveaux axes de coop\u00e9ration entre les deux pays, qui feront notamment l&#8217;objet de discussions et \u00e9ventuellement de protocoles d&#8217;accord lors de la visite du Pr\u00e9sident Macron, ont aussi \u00e9t\u00e9 \u00e9voqu\u00e9s.<\/div><\/div><div class=\"x11i5rnm xat24cr x1mh8g0r x1vvkbs xtlvy1s x126k92a\"><div dir=\"auto\">Le Pr\u00e9sident de la R\u00e9publique, Son Excellence Monsieur Dharambeer Gokhool G.C.S.K., a \u00e9galement profit\u00e9 de cette rencontre pour aborder la question des personnes \u00e0 besoins sp\u00e9ciaux et de leur inclusion sur le plan du progr\u00e8s et du d\u00e9veloppement.<\/div><\/div>\t\t\t\t\t\t\t\t<\/div>\n\t\t\t\t\t<\/div>\n\t\t\t\t<\/div>\n\t\t\t\t<\/div>\n\t\t","protected":false},"excerpt":{"rendered":"<p>Le Pr\u00e9sident de la R\u00e9publique, Son Excellence Monsieur Dharambeer Gokhool G.C.S.K., a rencontr\u00e9 Son Excellence Monsieur Fr\u00e9d\u00e9ric Bontems, l&#8217;ambassadeur de France \u00e0 Maurice, \u00e0 la State House ce matin en vue de la visite du Pr\u00e9sident de la R\u00e9publique fran\u00e7aise, Emmanuel Macron.Les diff\u00e9rents projets de coop\u00e9ration qui sont en cours entre Maurice et la France [&hellip;]<\/p>\n","protected":false},"author":2,"featured_media":0,"comment_status":"open","ping_status":"open","sticky":false,"template":"","format":"standard","meta":{"footnotes":"","_wpscppro_dont_share_socialmedia":false,"_wpscppro_custom_social_share_image":0,"_facebook_share_type":"default","_twitter_share_type":"default","_linkedin_share_type":"default","_pinterest_share_type":"default","_linkedin_share_type_page":"default","_instagram_share_type":"default","_medium_share_type":"default","_threads_share_type":"default","_google_business_share_type":"","_selected_social_profile":[],"_wpsp_enable_custom_social_template":false,"_wpsp_social_scheduling":{"enabled":false,"datetime":null,"platforms":[],"status":"template_only","dateOption":"today","timeOption":"now","customDays":"","customHours":"","customDate":"","customTime":"","schedulingType":"absolute"},"_wpsp_active_default_template":true},"categories":[13],"tags":[],"post_folder":[],"class_list":["post-1704","post","type-post","status-publish","format-standard","hentry","category-activities"],"blocksy_meta":[],"_links":{"self":[{"href":"https:\/\/president.govmu.org\/president\/wp-json\/wp\/v2\/posts\/1704","targetHints":{"allow":["GET"]}}],"collection":[{"href":"https:\/\/president.govmu.org\/president\/wp-json\/wp\/v2\/posts"}],"about":[{"href":"https:\/\/president.govmu.org\/president\/wp-json\/wp\/v2\/types\/post"}],"author":[{"embeddable":true,"href":"https:\/\/president.govmu.org\/president\/wp-json\/wp\/v2\/users\/2"}],"replies":[{"embeddable":true,"href":"https:\/\/president.govmu.org\/president\/wp-json\/wp\/v2\/comments?post=1704"}],"version-history":[{"count":4,"href":"https:\/\/president.govmu.org\/president\/wp-json\/wp\/v2\/posts\/1704\/revisions"}],"predecessor-version":[{"id":1710,"href":"https:\/\/president.govmu.org\/president\/wp-json\/wp\/v2\/posts\/1704\/revisions\/1710"}],"wp:attachment":[{"href":"https:\/\/president.govmu.org\/president\/wp-json\/wp\/v2\/media?parent=1704"}],"wp:term":[{"taxonomy":"category","embeddable":true,"href":"https:\/\/president.govmu.org\/president\/wp-json\/wp\/v2\/categories?post=1704"},{"taxonomy":"post_tag","embeddable":true,"href":"https:\/\/president.govmu.org\/president\/wp-json\/wp\/v2\/tags?post=1704"},{"taxonomy":"post_folder","embeddable":true,"href":"https:\/\/president.govmu.org\/president\/wp-json\/wp\/v2\/post_folder?post=1704"}],"curies":[{"name":"wp","href":"https:\/\/api.w.org\/{rel}","templated":true}]}}